{"id":6369,"date":"2021-08-20T12:00:16","date_gmt":"2021-08-20T10:00:16","guid":{"rendered":"https:\/\/www.ruedustore.fr\/blog\/?p=6369"},"modified":"2023-10-16T11:01:46","modified_gmt":"2023-10-16T09:01:46","slug":"installation-de-stores-verticaux-sur-une-maison-en-pierre-dans-lessonne-91","status":"publish","type":"post","link":"https:\/\/www.ruedustore.fr\/blog\/installation-de-stores-verticaux-sur-une-maison-en-pierre-dans-lessonne-91\/","title":{"rendered":"Installation de stores verticaux sur une maison en pierre dans l&rsquo;Essonne (91)"},"content":{"rendered":"<p>Aujourd&rsquo;hui, nous partons \u00e0 la rencontre de Renaud, dans les environs d&rsquo;Orsay (91). Il a install\u00e9 lui-m\u00eame 8 <a href=\"https:\/\/www.ruedustore.fr\/store-exterieur.html\">stores verticaux<\/a> ext\u00e9rieurs sur une maison en pierre traditionnelle.<\/p>\n<h2>Pour quelles raisons avez-vous achet\u00e9 des stores verticaux ?<\/h2>\n<div>\u00ab\u00a0J&rsquo;ai pos\u00e9 des stores verticaux ext\u00e9rieurs car j&rsquo;ai tr\u00e8s chaud en \u00e9t\u00e9.\u00a0 Nous avons une maison ancienne en pierre, expos\u00e9e sud ouest avec de grandes baies. A l&rsquo;origine, je pensais avoir de la fraicheur dans cette vieille b\u00e2tisse, mais en cr\u00e9ant des grandes fen\u00eatres, nous n&rsquo;avions pas pens\u00e9 au probl\u00e8me de la chaleur en \u00e9t\u00e9.<\/div>\n<div>J&rsquo;ai dans un premier temps install\u00e9 des stores int\u00e9rieurs avec une toile anti-chaleur, mais cela \u00e9tait insuffisant en \u00e9pisode de grandes chaleurs. Mon id\u00e9e \u00e9tait donc\u00a0 de conserver les stores int\u00e9rieurs pour l&rsquo;intimit\u00e9, et de commander en compl\u00e9ment des stores screens solaires.<\/div>\n<div>Le mod\u00e8le de stores verticaux ext\u00e9rieurs est id\u00e9al, car son encombrement est r\u00e9duit. J&rsquo;avais r\u00e9fl\u00e9chi aux stores \u00e0 projections, et au store banne, mais ce n&rsquo;\u00e9tait pas possible car cela aurait entrav\u00e9 le passage sur la terrasse ext\u00e9rieure.<\/div>\n<div>Ils sont esth\u00e9tiques, discrets et l\u00e9gers et se marient bien avec la fa\u00e7ade en pierre.\u00a0\u00bb<\/div>\n<div><\/div>\n<div><\/div>\n<h2>Avez-vous command\u00e9 des \u00e9chantillons ?<\/h2>\n<div>\u00ab\u00a0Oui, sur les conseils de Karine. J&rsquo;ai fait une pr\u00e9s\u00e9lection ce qui m&rsquo;a permis de pr\u00e9senter les \u00e9chantillons \u00e0 cot\u00e9 des pierres et s\u00e9lectionner celui qui se mariait le mieux. \u00ab\u00a0<\/div>\n<div><\/div>\n<h2>Avez-vous r\u00e9alis\u00e9 la pose vous-m\u00eame ?<\/h2>\n<div>\u00ab\u00a0Oui, c&rsquo;est tr\u00e8s simple. Le per\u00e7age dans la pierre n&rsquo;a pas pos\u00e9 de difficult\u00e9s.<\/div>\n<div>Pour faciliter la pr\u00e9paration du chantier, il pourrait \u00eatre int\u00e9ressant de mettre un store par sachet, pour ne pas risquer une confusion. Heureusement les dimensions sont indiqu\u00e9es sur l&#8217;emballage plastique de chaque store.\u00a0\u00bb<\/div>\n<div><\/div>\n<h2>\u00cates-vous satisfait de votre produit ?<\/h2>\n<p>\u00ab\u00a0Oui, sur toute la ligne. Le contact commercial avec Karine a \u00e9t\u00e9 agr\u00e9able et utile. En effet, ce n&rsquo;est pas toujours \u00e9vident de savoir comment s&rsquo;y prendre, notamment pour faire des choix comme la disposition de la toile, si elle doit \u00eatre en enroulement int\u00e9rieur ou ext\u00e9rieur. Elle a su tout m&rsquo;expliquer simplement par t\u00e9l\u00e9phone. Concernant la qualit\u00e9, nous verrons dans le temps mais pour le moment, c&rsquo;est impeccable.<\/p>\n<p>J&rsquo;ai aussi \u00e9t\u00e9 tr\u00e8s satisfait des d\u00e9lais, on m&rsquo;avait annonc\u00e9 plusieurs semaines et je les ai re\u00e7us bien avant. J&rsquo;ai eu la chance d&rsquo;avoir un bon transporteur, et la livraison s&rsquo;est bien pass\u00e9e,\u00a0 ils m&rsquo;ont aid\u00e9 \u00e0 transporter les stores jusqu&rsquo;\u00e0 l&rsquo;endroit voulu. Et je n&rsquo;ai eu aucune mauvaise surprise.\u00a0\u00bb<\/p>\n<p><img loading=\"lazy\" decoding=\"async\" class=\"aligncenter wp-image-6392 size-large\" title=\"store-verticaux-bleus-maisons-coffre\" src=\"https:\/\/www.ruedustore.fr\/blog\/wp-content\/uploads\/2021\/08\/store-exterieur-bleu-1024x768.jpg\" alt=\"store-verticaux-bleus-coffre\" width=\"1024\" height=\"768\" \/><\/p>\n<p>&nbsp;<\/p>\n<p><strong>R\u00e9f\u00e9rence :\u00a0<\/strong><\/p>\n<p>Store Vertical<br \/>\nToile Soltis 92 Chardon 50270<br \/>\nMan\u0153uvre par manivelle<br \/>\nGuidage de la toile par c\u00e2bles<\/p>\n<p><strong>D\u00e9couvrez nos autres stores ext\u00e9rieurs :<\/strong><\/p>\n<p><a href=\"https:\/\/www.ruedustore.fr\/volet-roulant.html\">Volet roulant<\/a><br \/>\n<a href=\"https:\/\/www.ruedustore.fr\/store-a-projection.html\">Store \u00e0 projection<\/a><br \/>\n<a href=\"https:\/\/www.ruedustore.fr\/brise-soleil-orientable.html\">Brise soleil orientable<\/a><\/p>\n","protected":false},"excerpt":{"rendered":"<p>Aujourd&rsquo;hui, nous partons \u00e0 la rencontre de Renaud, dans les environs d&rsquo;Orsay (91). Il a install\u00e9 lui-m\u00eame 8 stores verticaux ext\u00e9rieurs sur une maison en pierre traditionnelle. Pour quelles raisons avez-vous achet\u00e9 des stores verticaux ? \u00ab\u00a0J&rsquo;ai pos\u00e9 des stores verticaux ext\u00e9rieurs car j&rsquo;ai tr\u00e8s chaud en \u00e9t\u00e9.\u00a0 Nous avons une maison ancienne en pierre,&#8230;<a class=\"btnReadMore blake-von-hauer-font-3\" href=\"https:\/\/www.ruedustore.fr\/blog\/installation-de-stores-verticaux-sur-une-maison-en-pierre-dans-lessonne-91\/\"> Lire la suite<\/a><\/p>\n","protected":false},"author":2,"featured_media":6393,"comment_status":"closed","ping_status":"closed","sticky":false,"template":"","format":"standard","meta":{"footnotes":""},"categories":[37,86],"tags":[],"_links":{"self":[{"href":"https:\/\/www.ruedustore.fr\/blog\/wp-json\/wp\/v2\/posts\/6369"}],"collection":[{"href":"https:\/\/www.ruedustore.fr\/blog\/wp-json\/wp\/v2\/posts"}],"about":[{"href":"https:\/\/www.ruedustore.fr\/blog\/wp-json\/wp\/v2\/types\/post"}],"author":[{"embeddable":true,"href":"https:\/\/www.ruedustore.fr\/blog\/wp-json\/wp\/v2\/users\/2"}],"replies":[{"embeddable":true,"href":"https:\/\/www.ruedustore.fr\/blog\/wp-json\/wp\/v2\/comments?post=6369"}],"version-history":[{"count":19,"href":"https:\/\/www.ruedustore.fr\/blog\/wp-json\/wp\/v2\/posts\/6369\/revisions"}],"predecessor-version":[{"id":7648,"href":"https:\/\/www.ruedustore.fr\/blog\/wp-json\/wp\/v2\/posts\/6369\/revisions\/7648"}],"wp:featuredmedia":[{"embeddable":true,"href":"https:\/\/www.ruedustore.fr\/blog\/wp-json\/wp\/v2\/media\/6393"}],"wp:attachment":[{"href":"https:\/\/www.ruedustore.fr\/blog\/wp-json\/wp\/v2\/media?parent=6369"}],"wp:term":[{"taxonomy":"category","embeddable":true,"href":"https:\/\/www.ruedustore.fr\/blog\/wp-json\/wp\/v2\/categories?post=6369"},{"taxonomy":"post_tag","embeddable":true,"href":"https:\/\/www.ruedustore.fr\/blog\/wp-json\/wp\/v2\/tags?post=6369"}],"curies":[{"name":"wp","href":"https:\/\/api.w.org\/{rel}","templated":true}]}}