{"id":6085,"date":"2021-06-05T10:54:34","date_gmt":"2021-06-05T08:54:34","guid":{"rendered":"https:\/\/www.ruedustore.fr\/blog\/?p=6085"},"modified":"2023-10-13T11:11:02","modified_gmt":"2023-10-13T09:11:02","slug":"pose-dun-store-banne-coffre-ultima-essonne-91","status":"publish","type":"post","link":"https:\/\/www.ruedustore.fr\/blog\/pose-dun-store-banne-coffre-ultima-essonne-91\/","title":{"rendered":"Pose d&rsquo;un Store Banne Coffre Ultima &#8211; Essonne (91)"},"content":{"rendered":"<p>Aujourd&rsquo;hui, nous vous faisons d\u00e9couvrir une pose propre \u00e0 la saison : un <a href=\"https:\/\/www.ruedustore.fr\/store-banne\/stores-banne-coffre\/store-banne-coffre-ultima.html#.YKJkkJMzZQI\">store banne coffre Ultima<\/a> ! Ce store banne a \u00e9t\u00e9 install\u00e9 dans l&rsquo;Essonne (91) chez Yannick \u00e0 qui nous avons pos\u00e9 quelques questions sur son store !<\/p>\n<h2>Quel \u00e9tait votre objectif en installant un Store Banne Coffre Ultima ?<\/h2>\n<p>\u00ab\u00a0L&rsquo;objectif premier \u00e9tait de faire de l&rsquo;ombre sur notre terrasse pour pouvoir profiter pleinement en \u00e9t\u00e9. Surtout au moment des repas, car sans store banne, le soleil \u00e9tait trop fort ! Nous avons choisi un <a href=\"https:\/\/www.ruedustore.fr\/store-banne.html\">store banne<\/a> Coffre pour prot\u00e9ger la toile, mais aussi pour une question d&rsquo;esth\u00e9tique\u00a0\u00bb<\/p>\n<h2>Dans quel type d\u2019habitat avez-vous install\u00e9 votre nouveau Store Banne ?<\/h2>\n<p>\u00ab\u00a0Nous l&rsquo;avons pos\u00e9 sur notre maison, cot\u00e9 terrasse plein sud\u00a0\u00bb<\/p>\n<h2>Avez-vous command\u00e9 des \u00e9chantillons pour faire votre choix parmi les diff\u00e9rentes toiles de store ext\u00e9rieur ?<\/h2>\n<p>\u00ab\u00a0Oui nous avons command\u00e9 des \u00e9chantillons.\u00a0 Nous avons demand\u00e9 deux envois, car nous h\u00e9sitions. Au total, nous avons donc command\u00e9 12 \u00e9chantillons gratuits. En effet, nous cherchions une r\u00e9f\u00e9rence de toile pour notre store banne qui aille parfaitement avec nos volets, et nous avons fini par trouver\u00a0\u00bb<\/p>\n<h2>Concernant la prise de mesure, comment avez-vous effectu\u00e9 ?<\/h2>\n<p>\u00ab\u00a0J&rsquo;ai fait la prise de mesure seul, ce n&rsquo;\u00e9tait pas tr\u00e8s compliqu\u00e9 ! Mais j&rsquo;ai quand m\u00eame fait v\u00e9rifier mes mesures par votre service client\u00a0\u00bb<\/p>\n<h3>Est-ce que vous avez eu besoin des conseils de notre \u00e9quipe\u00a0?<\/h3>\n<p>\u00ab\u00a0Oui, j&rsquo;ai pos\u00e9 quelques questions. Autant sur la prise de mesure que sur les toiles et la pose\u00a0\u00bb<\/p>\n<h3>Comment s\u2019est pass\u00e9 le lien avec l\u2019\u00e9quipe\u00a0?<\/h3>\n<p>\u00ab\u00a0Le lien avec l&rsquo;\u00e9quipe s&rsquo;est tr\u00e8s bien d\u00e9roul\u00e9. Ils ont \u00e9t\u00e9 tr\u00e8s professionnels\u00a0\u00bb<\/p>\n<h2>Avez-vous install\u00e9 seul votre Store Banne ?<\/h2>\n<p>\u00ab\u00a0Nous avons fait l&rsquo;installation \u00e0 deux, avec mon p\u00e8re. Nous avions l&rsquo;avantage d&rsquo;\u00eatre bricoleur, et ce n&rsquo;\u00e9tait pas la premi\u00e8re fois qu&rsquo;il posait un store banne. Alors tout s&rsquo;est tr\u00e8s bien d\u00e9roul\u00e9.\u00a0\u00bb<\/p>\n<h2>\u00cates-vous satisfait de la qualit\u00e9 des produits que vous avez command\u00e9s\u00a0?<\/h2>\n<p>\u00ab\u00a0Oui tr\u00e8s satisfait, les finitions sont top. Je ne regrette pas d&rsquo;avoir opt\u00e9 pour du sur-mesure. C&rsquo;est, en effet, plus cher que dans une grande surface sp\u00e9cialis\u00e9e, mais \u00e7a n&rsquo;a rien \u00e0 voir. Je suis bluff\u00e9 par la qualit\u00e9 du coffre, je n&rsquo;ai pas vu un seul d\u00e9faut de peinture. Et la toile est magnifique.<\/p>\n<p>Je n&rsquo;ai rien \u00e0 redire tout est parfait. Et je suis aussi satisfait des d\u00e9lais de livraison !\u00a0\u00bb<\/p>\n<h3>Recommanderiez-vous Rue du Store\u00a0?<\/h3>\n<p>\u00ab\u00a0C&rsquo;est d\u00e9j\u00e0 fait. J&rsquo;ai recommand\u00e9 Rue du Store \u00e0 des amis qui ont appr\u00e9ci\u00e9 notre nouveau store banne.\u00a0\u00bb<\/p>\n<p><a href=\"https:\/\/www.ruedustore.fr\/store-banne\/stores-banne-coffre\/store-banne-coffre-ultima.html#.YKJkkJMzZQI\"><img loading=\"lazy\" decoding=\"async\" class=\"aligncenter wp-image-6117 size-large\" src=\"https:\/\/www.ruedustore.fr\/blog\/wp-content\/uploads\/2021\/04\/IMG_20210503_105911-1024x768.jpg\" alt=\"store-banne-bleu-blanc-coffre-franciaflex-terasse\" width=\"1024\" height=\"768\" \/><\/a><\/p>\n<p>&nbsp;<\/p>\n<p><strong>R\u00e9f\u00e9rence :<\/strong><\/p>\n<p><span id=\"order_item_1005439_title\">Store banne COFFRE Ultima<\/span><\/p>\n<p>Toile Orchestra Marine Ray\u00e9 8556<\/p>\n<h5><\/h5>\n","protected":false},"excerpt":{"rendered":"<p>Aujourd&rsquo;hui, nous vous faisons d\u00e9couvrir une pose propre \u00e0 la saison : un store banne coffre Ultima ! Ce store banne a \u00e9t\u00e9 install\u00e9 dans l&rsquo;Essonne (91) chez Yannick \u00e0 qui nous avons pos\u00e9 quelques questions sur son store ! Quel \u00e9tait votre objectif en installant un Store Banne Coffre Ultima ? \u00ab\u00a0L&rsquo;objectif premier \u00e9tait&#8230;<a class=\"btnReadMore blake-von-hauer-font-3\" href=\"https:\/\/www.ruedustore.fr\/blog\/pose-dun-store-banne-coffre-ultima-essonne-91\/\"> Lire la suite<\/a><\/p>\n","protected":false},"author":2,"featured_media":6145,"comment_status":"closed","ping_status":"closed","sticky":false,"template":"","format":"standard","meta":{"footnotes":""},"categories":[37],"tags":[],"_links":{"self":[{"href":"https:\/\/www.ruedustore.fr\/blog\/wp-json\/wp\/v2\/posts\/6085"}],"collection":[{"href":"https:\/\/www.ruedustore.fr\/blog\/wp-json\/wp\/v2\/posts"}],"about":[{"href":"https:\/\/www.ruedustore.fr\/blog\/wp-json\/wp\/v2\/types\/post"}],"author":[{"embeddable":true,"href":"https:\/\/www.ruedustore.fr\/blog\/wp-json\/wp\/v2\/users\/2"}],"replies":[{"embeddable":true,"href":"https:\/\/www.ruedustore.fr\/blog\/wp-json\/wp\/v2\/comments?post=6085"}],"version-history":[{"count":18,"href":"https:\/\/www.ruedustore.fr\/blog\/wp-json\/wp\/v2\/posts\/6085\/revisions"}],"predecessor-version":[{"id":7603,"href":"https:\/\/www.ruedustore.fr\/blog\/wp-json\/wp\/v2\/posts\/6085\/revisions\/7603"}],"wp:featuredmedia":[{"embeddable":true,"href":"https:\/\/www.ruedustore.fr\/blog\/wp-json\/wp\/v2\/media\/6145"}],"wp:attachment":[{"href":"https:\/\/www.ruedustore.fr\/blog\/wp-json\/wp\/v2\/media?parent=6085"}],"wp:term":[{"taxonomy":"category","embeddable":true,"href":"https:\/\/www.ruedustore.fr\/blog\/wp-json\/wp\/v2\/categories?post=6085"},{"taxonomy":"post_tag","embeddable":true,"href":"https:\/\/www.ruedustore.fr\/blog\/wp-json\/wp\/v2\/tags?post=6085"}],"curies":[{"name":"wp","href":"https:\/\/api.w.org\/{rel}","templated":true}]}}