{"id":5727,"date":"2021-01-07T08:06:52","date_gmt":"2021-01-07T07:06:52","guid":{"rendered":"https:\/\/www.ruedustore.fr\/blog\/?p=5727"},"modified":"2020-12-15T19:15:44","modified_gmt":"2020-12-15T18:15:44","slug":"un-nouveau-dans-notre-equipe-bienvenue-a-yohann","status":"publish","type":"post","link":"https:\/\/www.ruedustore.fr\/blog\/un-nouveau-dans-notre-equipe-bienvenue-a-yohann\/","title":{"rendered":"Un nouveau dans notre \u00e9quipe : Bienvenue \u00e0 Yohann !"},"content":{"rendered":"<p>L&rsquo;\u00e9quipe rue du store s&rsquo;agrandit encore un peu plus. Yohann vient de nous rejoindre. Il renforce notre \u00e9quipe commerciale, en tant que Charg\u00e9 de client\u00e8le. Aujourd&rsquo;hui, nous allons donc l&rsquo;interviewer pour mieux le connaitre.<\/p>\n<h2>Yohann, parle-nous un peu de toi<\/h2>\n<p>J&rsquo;ai 23 ans. Je suis quelqu&rsquo;un qui passe beaucoup de temps dehors, dans la nature. Je suis p\u00eacheur et passionn\u00e9 de m\u00e9canique. J&rsquo;ai beaucoup d&rsquo;humour dans la vie comme au travail. Et j&rsquo;aime le vert moins le rose.<\/p>\n<h2>Qu&rsquo;est ce que tu as fait avant de commencer chez Rue Du Store ?<\/h2>\n<p>J&rsquo;ai fait un BTS technico-commercial, au CECAM \u00e0 Orl\u00e9ans (qui est maintenant ferm\u00e9). J&rsquo;ai ensuite fait trois ans en tant que conseiller bancaire.<\/p>\n<h2>Pourquoi as-tu choisi de travailler chez Rue du Store ?<\/h2>\n<p>J&rsquo;ai choisi de postuler pour les valeurs de l&rsquo;entreprise (Servir nos clients, bienveillant et loyal, innover, r\u00eaver en grand et \u00eatre s\u00e9rieux sans se prendre au s\u00e9rieux), car elles sont similaires aux miennes.<\/p>\n<h2>Connaissais-tu le milieu des stores avant ?<\/h2>\n<p>Pas du tout, je n\u2019ai jamais install\u00e9 de stores et je ne me suis jamais int\u00e9ress\u00e9 aux stores avant. Je d\u00e9couvre petit \u00e0 petit les subtilit\u00e9s du m\u00e9tier. Je dois avouer que c&rsquo;est un secteur plus complexe qu&rsquo;il n&rsquo;y para\u00eet, et surtout captivant car les projets sont tous diff\u00e9rents d&rsquo;un client \u00e0 l&rsquo;autre.<\/p>\n<h2>Que penses-tu de l&rsquo;\u00e9quipe Rue du Store ? As-tu bien trouv\u00e9 tes marques ?<\/h2>\n<p>Cette \u00e9quipe est agr\u00e9able, soud\u00e9e et il y a bonne entente. Oui j&rsquo;ai trouv\u00e9 mes marques. M\u00eame si cela ne fait qu&rsquo;un mois que je suis arriv\u00e9, j&rsquo;ai r\u00e9ussi \u00e0 trouver ma place dans l&rsquo;\u00e9quipe et je suis de plus en plus \u00e0 l&rsquo;aise avec les produits.<\/p>\n<h2>Quelles sont tes missions chez Rue du Store ?<\/h2>\n<p>Je r\u00e9ponds aux clients, les conseille m\u00eame si j&rsquo;ai besoin d&rsquo;aide encore aujoud&rsquo;hui. Puis, je passe les commandes et les valide. Je suis une sorte d&rsquo;interm\u00e9diaire entre le fournisseur et le client pour m&rsquo;assurer de la pleine satisfaction de ce dernier.<\/p>\n<h2>Comment se passe ta formation produit ?<\/h2>\n<p>La formation produit se passe bien, Clarisse est une bonne formatrice. Mais il y a beaucoup de produits, et je pense que tout retenir va prendre un peu de temps (6 mois en fait pour une personne normalement constitu\u00e9e!).<\/p>\n<h2>Quel est ton produit pr\u00e9f\u00e9r\u00e9 ?<\/h2>\n<p>Le store Californien ! Il s&rsquo;adapte \u00e0 toutes les tailles de baies et fen\u00eatres. On peut moduler la lumi\u00e8re et faire des effets tr\u00e8s jolis. Et pour les toiles que je pr\u00e9f\u00e8re, ce sont les Reflex&rsquo;Sol, car je les trouve tr\u00e8s techniques avec leur face anti chaleur r\u00e9fl\u00e9chissante.<\/p>\n<p>&nbsp;<\/p>\n<p>&nbsp;<\/p>\n<p>&nbsp;<\/p>\n<p>&nbsp;<\/p>\n<p>&nbsp;<\/p>\n","protected":false},"excerpt":{"rendered":"<p>L&rsquo;\u00e9quipe rue du store s&rsquo;agrandit encore un peu plus. Yohann vient de nous rejoindre. Il renforce notre \u00e9quipe commerciale, en tant que Charg\u00e9 de client\u00e8le. Aujourd&rsquo;hui, nous allons donc l&rsquo;interviewer pour mieux le connaitre. Yohann, parle-nous un peu de toi J&rsquo;ai 23 ans. Je suis quelqu&rsquo;un qui passe beaucoup de temps dehors, dans la nature&#8230;.<a class=\"btnReadMore blake-von-hauer-font-3\" href=\"https:\/\/www.ruedustore.fr\/blog\/un-nouveau-dans-notre-equipe-bienvenue-a-yohann\/\"> Lire la suite<\/a><\/p>\n","protected":false},"author":2,"featured_media":5767,"comment_status":"closed","ping_status":"closed","sticky":false,"template":"","format":"standard","meta":{"footnotes":""},"categories":[89],"tags":[],"_links":{"self":[{"href":"https:\/\/www.ruedustore.fr\/blog\/wp-json\/wp\/v2\/posts\/5727"}],"collection":[{"href":"https:\/\/www.ruedustore.fr\/blog\/wp-json\/wp\/v2\/posts"}],"about":[{"href":"https:\/\/www.ruedustore.fr\/blog\/wp-json\/wp\/v2\/types\/post"}],"author":[{"embeddable":true,"href":"https:\/\/www.ruedustore.fr\/blog\/wp-json\/wp\/v2\/users\/2"}],"replies":[{"embeddable":true,"href":"https:\/\/www.ruedustore.fr\/blog\/wp-json\/wp\/v2\/comments?post=5727"}],"version-history":[{"count":8,"href":"https:\/\/www.ruedustore.fr\/blog\/wp-json\/wp\/v2\/posts\/5727\/revisions"}],"predecessor-version":[{"id":5794,"href":"https:\/\/www.ruedustore.fr\/blog\/wp-json\/wp\/v2\/posts\/5727\/revisions\/5794"}],"wp:featuredmedia":[{"embeddable":true,"href":"https:\/\/www.ruedustore.fr\/blog\/wp-json\/wp\/v2\/media\/5767"}],"wp:attachment":[{"href":"https:\/\/www.ruedustore.fr\/blog\/wp-json\/wp\/v2\/media?parent=5727"}],"wp:term":[{"taxonomy":"category","embeddable":true,"href":"https:\/\/www.ruedustore.fr\/blog\/wp-json\/wp\/v2\/categories?post=5727"},{"taxonomy":"post_tag","embeddable":true,"href":"https:\/\/www.ruedustore.fr\/blog\/wp-json\/wp\/v2\/tags?post=5727"}],"curies":[{"name":"wp","href":"https:\/\/api.w.org\/{rel}","templated":true}]}}