{"id":4877,"date":"2020-06-03T11:01:32","date_gmt":"2020-06-03T09:01:32","guid":{"rendered":"https:\/\/www.ruedustore.fr\/blog\/?p=4877"},"modified":"2020-06-03T16:32:19","modified_gmt":"2020-06-03T14:32:19","slug":"installation-dun-store-coffre-vertical-vers-mulhouse","status":"publish","type":"post","link":"https:\/\/www.ruedustore.fr\/blog\/installation-dun-store-coffre-vertical-vers-mulhouse\/","title":{"rendered":"Installation d&rsquo;un Store Coffre Vertical vers Mulhouse (68)"},"content":{"rendered":"<p>Patrick d\u00e9cide de commander un <a href=\"https:\/\/www.ruedustore.fr\/store-vertical-exterieur.html\">store coffre vertical<\/a> pour son appartement. Il nous explique son choix et son exp\u00e9rience avec ce store.<\/p>\n<h3><strong>Comment avez-vous connu Rue du store\u00a0? <\/strong><\/h3>\n<p>\u00ab\u00a0J&rsquo;ai connu Rue du Store par une simple recherche sur Internet. Je souhaitais pr\u00e9cis\u00e9ment et d\u00e8s le d\u00e9part un Store Vertical avec coffre. Les fiches techniques et les descriptions des produits sont compl\u00e8tes, j&rsquo;ai donc pass\u00e9 commande.\u00a0\u00bb<\/p>\n<h3><strong>Pourquoi aviez-vous besoin\u00a0de ce store ? Et pourquoi avez-vous choisi ce store plut\u00f4t qu\u2019un autre parmi ceux disponibles\u00a0?<\/strong><\/h3>\n<p>\u00ab\u00a0Je souhaitais un store vertical avec un coffre pour prot\u00e9ger le tissu de la pluie et des intemp\u00e9ries. Il sera plac\u00e9 sur mon balcon situ\u00e9 au dernier \u00e9tage, il y a donc une l\u00e9g\u00e8re ouverture&#8230;Le but est de limiter les rayons du soleil et d&rsquo;avoir de l&rsquo;ombre dans l&rsquo;appartement. En plus, je suis passionn\u00e9 par le caravaning, donc je connais tr\u00e8s bien ce type de produit : robustesse et esth\u00e9tique.<br \/>\nJ&rsquo;ai d\u00e9cid\u00e9 de prendre une man\u0153uvre \u00e0 manivelle car je n&rsquo;ai pas de couvrant ext\u00e9rieur, il aurait fallu tirer un c\u00e2ble pour aller sur le balcon&#8230;Mais j&rsquo;en suis tr\u00e8s content !\u00a0\u00bb<\/p>\n<h3><strong>\u00a0Comment s\u2019est pass\u00e9e la relation avec l\u2019\u00e9quipe de Rue du Store\u00a0?<\/strong><\/h3>\n<p>\u00ab\u00a0J&rsquo;ai eu de bonnes relations avec l&rsquo;\u00e9quipe. Ils m&rsquo;annon\u00e7aient une date de livraison assez lointaine, mais j&rsquo;ai re\u00e7u ma commande bien avant. J&rsquo;en suis tr\u00e8s content.\u00a0\u00bb<\/p>\n<h3><strong>Est-ce que vous avez re\u00e7u des \u00e9chantillons avant de passer commande\u00a0? <\/strong><\/h3>\n<p>\u00ab\u00a0Non je n&rsquo;ai pas pris d\u2019\u00e9chantillons. La couleur que j&rsquo;avais choisie au d\u00e9part n&rsquo;\u00e9tait pas id\u00e9ale. Mais, une personne de votre \u00e9quipe m&rsquo;a orient\u00e9e vers une autre. Je leur ai fait confiance et j&rsquo;ai eu raison. C&rsquo;est harmonieux et je suis satisfait.\u00a0\u00bb<br \/>\n(Pour ceux qui le souhaitent, nous rappelons que l&rsquo;envoi d&rsquo;\u00e9chantillons est gratuit !)<\/p>\n<h3><strong>Comment l\u2019installation s\u2019est-elle d\u00e9roul\u00e9e\u00a0? Avez-vous rencontr\u00e9 des probl\u00e8mes\u00a0? <\/strong><\/h3>\n<p>\u00ab\u00a0J&rsquo;ai forc\u00e9ment des bases de bricoleurs, mais l&rsquo;installation s&rsquo;est bien d\u00e9roul\u00e9e. Gr\u00e2ce \u00e0 la notice de pose claire et \u00e0 mes connaissances, je n&rsquo;ai eu pas de probl\u00e8me.\u00a0\u00bb<\/p>\n<h3><strong>La qualit\u00e9 du produit correspond-elle \u00e0 vos attentes\u00a0? <\/strong><\/h3>\n<p>\u00ab\u00a0Oui totalement, le store est de bonne qualit\u00e9 et tout fonctionne bien. Si cela peut aider vos prochains clients, pour mon cas personnel, j&rsquo;ai pris des dimensions plus larges que l&rsquo;ouverture de ma fen\u00eatre puisque sur le c\u00f4t\u00e9 gauche j&rsquo;ai une isolation ext\u00e9rieure sur la face du b\u00e2timent. Pour \u00e9viter de tomber dans l&rsquo;isolation, j&rsquo;ai pris le maximum de largeur pour me fixer sur le b\u00e9ton. C&rsquo;est mon conseil personnel !\u00a0\u00bb<\/p>\n<p>&nbsp;<\/p>\n<p><em>D\u00e9tail produit<\/em> :<br \/>\nProduit : Store coffre vertical<br \/>\nDimensions : 120&#215;155<br \/>\nColoris : Mermet 5500 &#8211; Perle 0707<\/p>\n<p><img loading=\"lazy\" decoding=\"async\" class=\"wp-image-4880 size-large aligncenter\" src=\"https:\/\/www.ruedustore.fr\/blog\/wp-content\/uploads\/2020\/04\/Photos-30.03.20-011-576x1024.jpg\" alt=\"store-cofre-vertical-ferme\" width=\"576\" height=\"1024\" \/><\/p>\n","protected":false},"excerpt":{"rendered":"<p>Patrick d\u00e9cide de commander un store coffre vertical pour son appartement. Il nous explique son choix et son exp\u00e9rience avec ce store. Comment avez-vous connu Rue du store\u00a0? \u00ab\u00a0J&rsquo;ai connu Rue du Store par une simple recherche sur Internet. Je souhaitais pr\u00e9cis\u00e9ment et d\u00e8s le d\u00e9part un Store Vertical avec coffre. Les fiches techniques et&#8230;<a class=\"btnReadMore blake-von-hauer-font-3\" href=\"https:\/\/www.ruedustore.fr\/blog\/installation-dun-store-coffre-vertical-vers-mulhouse\/\"> Lire la suite<\/a><\/p>\n","protected":false},"author":2,"featured_media":4878,"comment_status":"closed","ping_status":"closed","sticky":false,"template":"","format":"standard","meta":{"footnotes":""},"categories":[37,86],"tags":[],"_links":{"self":[{"href":"https:\/\/www.ruedustore.fr\/blog\/wp-json\/wp\/v2\/posts\/4877"}],"collection":[{"href":"https:\/\/www.ruedustore.fr\/blog\/wp-json\/wp\/v2\/posts"}],"about":[{"href":"https:\/\/www.ruedustore.fr\/blog\/wp-json\/wp\/v2\/types\/post"}],"author":[{"embeddable":true,"href":"https:\/\/www.ruedustore.fr\/blog\/wp-json\/wp\/v2\/users\/2"}],"replies":[{"embeddable":true,"href":"https:\/\/www.ruedustore.fr\/blog\/wp-json\/wp\/v2\/comments?post=4877"}],"version-history":[{"count":10,"href":"https:\/\/www.ruedustore.fr\/blog\/wp-json\/wp\/v2\/posts\/4877\/revisions"}],"predecessor-version":[{"id":5010,"href":"https:\/\/www.ruedustore.fr\/blog\/wp-json\/wp\/v2\/posts\/4877\/revisions\/5010"}],"wp:featuredmedia":[{"embeddable":true,"href":"https:\/\/www.ruedustore.fr\/blog\/wp-json\/wp\/v2\/media\/4878"}],"wp:attachment":[{"href":"https:\/\/www.ruedustore.fr\/blog\/wp-json\/wp\/v2\/media?parent=4877"}],"wp:term":[{"taxonomy":"category","embeddable":true,"href":"https:\/\/www.ruedustore.fr\/blog\/wp-json\/wp\/v2\/categories?post=4877"},{"taxonomy":"post_tag","embeddable":true,"href":"https:\/\/www.ruedustore.fr\/blog\/wp-json\/wp\/v2\/tags?post=4877"}],"curies":[{"name":"wp","href":"https:\/\/api.w.org\/{rel}","templated":true}]}}