{"id":3268,"date":"2019-04-16T11:57:10","date_gmt":"2019-04-16T09:57:10","guid":{"rendered":"https:\/\/www.ruedustore.fr\/blog\/?p=3268"},"modified":"2025-11-01T12:12:59","modified_gmt":"2025-11-01T11:12:59","slug":"installation-dun-store-banne-coffre-sur-une-terrasse-au-3eme-etage-a-orleans","status":"publish","type":"post","link":"https:\/\/www.ruedustore.fr\/blog\/installation-dun-store-banne-coffre-sur-une-terrasse-au-3eme-etage-a-orleans\/","title":{"rendered":"Installation d&rsquo;un store banne coffre select sur une terrasse au 3\u00e8me \u00e9tage, \u00e0 Orl\u00e9ans"},"content":{"rendered":"<p>Voici une de nos derni\u00e8res r\u00e9alisations chez un client situ\u00e9 \u00e0 Orl\u00e9ans. Le client souhaitait couvrir une partie de sa grande terrasse pour prot\u00e9ger la zone repas du soleil. Apr\u00e8s une visite dans notre show-room pour d\u00e9couvrir l\u2019ensemble de la gamme des stores bannes, le choix s\u2019est rapidement port\u00e9 sur le mod\u00e8le du store banne coffre select.<\/p>\n<h2>Un store ext\u00e9rieur sur mesure qui s\u2019adapte aux contraintes de cette construction<\/h2>\n<p>En effet, l\u2019appartement est \u00e9quip\u00e9 de volets roulants log\u00e9s dans des coffres tunnels creux, plac\u00e9s sous le linteau et sur lequel on ne pouvait donc rien fixer. Nous avons donc fait le choix d\u2019un mod\u00e8le de store banne avec des fixations aux extr\u00e9mit\u00e9s, de part et d\u2019autre du coffre tunnel. Par ailleurs, expos\u00e9 plein sud et dot\u00e9 d\u2019une large terrasse, il fallait un store banne avec une grande avanc\u00e9e. Enfin, la copropri\u00e9t\u00e9 imposait naturellement un coloris de toile, en l\u2019occurrence le Sienne Yellow de la gamme Dickson Orchestra. Nous avons donc opt\u00e9 pour le <a href=\"https:\/\/www.ruedustore.fr\/store-banne-coffre-select.html\">store banne coffre Select<\/a> de largeur 3m90 x une avanc\u00e9e de 3m50, et dont la fixation se fait aux extr\u00e9mit\u00e9s gr\u00e2ce \u00e0 de larges plaques \u00e9quip\u00e9s de 4 trous chacune. Du fait de sa taille, nous avons propos\u00e9 l\u2019option \u00e9lectrique avec un moteur Somfy Radio RTS.<\/p>\n<p><img loading=\"lazy\" decoding=\"async\" class=\"alignleft wp-image-3273 size-large\" src=\"https:\/\/www.ruedustore.fr\/blog\/wp-content\/uploads\/2019\/04\/store-banne-toile-dickson-orchestra-sienne-yellow-d303-1024x768.jpg\" alt=\"store banne sienne yellow vue de l'ext\u00e9rieur\" width=\"1024\" height=\"768\" \/><\/p>\n<h2><\/h2>\n<h2><\/h2>\n<h2><\/h2>\n<h2><\/h2>\n<h2><\/h2>\n<h2><\/h2>\n<h2><\/h2>\n<h2><\/h2>\n<h2><\/h2>\n<h2><\/h2>\n<h2><\/h2>\n<h2><\/h2>\n<h2><\/h2>\n<h2><\/h2>\n<h2>Des options confortables pour une terrasse au 3<sup>\u00e8me<\/sup> \u00e9tage<\/h2>\n<p>La principale difficult\u00e9 est de monter le store \u00e0 l\u2019\u00e9tage. Sans acc\u00e8s par l\u2019int\u00e9rieur, l\u2019escalier \u00e9tant trop \u00e9troit (sans parler de l\u2019ascenseur\u00a0!), la seule m\u00e9thode est de soulever le store banne d\u2019un poids d\u2019environ 60 kg \u00e0 la corde par l\u2019ext\u00e9rieur. L\u2019autre param\u00e8tre, c\u2019est le vent, bien plus fort au 3<sup>\u00e8me<\/sup> \u00e9tage qu\u2019au rez-de-chauss\u00e9e. Nous avons donc opt\u00e9 pour un capteur vent autonome Somfy qui se place directement sur la barre de charge. Cet automatisme vent permet de remonter le store automatiquement en cas de rafales de vente. Fonctionnant sans fil, il envoie des ordres par radio au moteur. \u00a0Finalement, le r\u00e9sultat est tr\u00e8s r\u00e9ussi. Un store ext\u00e9rieur \u00e9l\u00e9gant, robuste et automatique. Merci \u00e0 ce client de nous avoir permis ce reportage photo.<\/p>\n<p><img loading=\"lazy\" decoding=\"async\" class=\"alignleft wp-image-3276 size-medium\" src=\"https:\/\/www.ruedustore.fr\/blog\/wp-content\/uploads\/2019\/04\/banne-coffre-sur-mesure-terrasse-300x225.jpg\" alt=\"jolie terrasse sous un store banne\" width=\"300\" height=\"225\" \/><\/p>\n<h2><img loading=\"lazy\" decoding=\"async\" class=\"alignleft wp-image-3274 size-medium\" src=\"https:\/\/www.ruedustore.fr\/blog\/wp-content\/uploads\/2019\/04\/coffre-integral-store-ray\u00e9-jaune-gris-300x225.jpg\" alt=\"fixation du coffre du store banne\" width=\"300\" height=\"225\" \/><\/h2>\n","protected":false},"excerpt":{"rendered":"<p>Voici une de nos derni\u00e8res r\u00e9alisations chez un client situ\u00e9 \u00e0 Orl\u00e9ans. Le client souhaitait couvrir une partie de sa grande terrasse pour prot\u00e9ger la zone repas du soleil. Apr\u00e8s une visite dans notre show-room pour d\u00e9couvrir l\u2019ensemble de la gamme des stores bannes, le choix s\u2019est rapidement port\u00e9 sur le mod\u00e8le du store banne&#8230;<a class=\"btnReadMore blake-von-hauer-font-3\" href=\"https:\/\/www.ruedustore.fr\/blog\/installation-dun-store-banne-coffre-sur-une-terrasse-au-3eme-etage-a-orleans\/\"> Lire la suite<\/a><\/p>\n","protected":false},"author":2,"featured_media":3270,"comment_status":"closed","ping_status":"closed","sticky":false,"template":"","format":"standard","meta":{"footnotes":""},"categories":[37,86],"tags":[],"_links":{"self":[{"href":"https:\/\/www.ruedustore.fr\/blog\/wp-json\/wp\/v2\/posts\/3268"}],"collection":[{"href":"https:\/\/www.ruedustore.fr\/blog\/wp-json\/wp\/v2\/posts"}],"about":[{"href":"https:\/\/www.ruedustore.fr\/blog\/wp-json\/wp\/v2\/types\/post"}],"author":[{"embeddable":true,"href":"https:\/\/www.ruedustore.fr\/blog\/wp-json\/wp\/v2\/users\/2"}],"replies":[{"embeddable":true,"href":"https:\/\/www.ruedustore.fr\/blog\/wp-json\/wp\/v2\/comments?post=3268"}],"version-history":[{"count":16,"href":"https:\/\/www.ruedustore.fr\/blog\/wp-json\/wp\/v2\/posts\/3268\/revisions"}],"predecessor-version":[{"id":8304,"href":"https:\/\/www.ruedustore.fr\/blog\/wp-json\/wp\/v2\/posts\/3268\/revisions\/8304"}],"wp:featuredmedia":[{"embeddable":true,"href":"https:\/\/www.ruedustore.fr\/blog\/wp-json\/wp\/v2\/media\/3270"}],"wp:attachment":[{"href":"https:\/\/www.ruedustore.fr\/blog\/wp-json\/wp\/v2\/media?parent=3268"}],"wp:term":[{"taxonomy":"category","embeddable":true,"href":"https:\/\/www.ruedustore.fr\/blog\/wp-json\/wp\/v2\/categories?post=3268"},{"taxonomy":"post_tag","embeddable":true,"href":"https:\/\/www.ruedustore.fr\/blog\/wp-json\/wp\/v2\/tags?post=3268"}],"curies":[{"name":"wp","href":"https:\/\/api.w.org\/{rel}","templated":true}]}}